{"id":42867,"date":"2017-03-23T13:35:39","date_gmt":"2017-03-23T16:35:39","guid":{"rendered":""},"modified":"2022-02-24T13:57:49","modified_gmt":"2022-02-24T16:57:49","slug":"%e4%ba%8b%e5%8b%99%e5%b1%80%e4%be%bf%e3%82%8a-jd-01817%e3%80%80%e3%80%80%e3%80%80%e3%82%a4%e3%83%99%e3%83%b3%e3%83%88%e3%80%8cinova%c3%a7%c3%a3o-e-o-futuro-da-ind%c3%bastria%e3%80%8d%e3%81%ae","status":"publish","type":"post","link":"https:\/\/camaradojapao.org.br\/old-jp\/2017\/03\/23\/%e4%ba%8b%e5%8b%99%e5%b1%80%e4%be%bf%e3%82%8a-jd-01817%e3%80%80%e3%80%80%e3%80%80%e3%82%a4%e3%83%99%e3%83%b3%e3%83%88%e3%80%8cinova%c3%a7%c3%a3o-e-o-futuro-da-ind%c3%bastria%e3%80%8d%e3%81%ae\/","title":{"rendered":"\u4e8b\u52d9\u5c40\u4fbf\u308a JD-018\/17\u3000\u3000\u3000\u30a4\u30d9\u30f3\u30c8\u300cINOVA\u00c7\u00c3O E O FUTURO DA IND\u00daSTRIA\u300d\u306e\u3054\u6848\u5185"},"content":{"rendered":"<p>\u3000\u3000\u3000\u3000\u3000\u3000\u3000\u3000\u3000\u3000\u3000\u3000\u3000\u3000\u3000\u3000\u3000\u3000\u3000\u3000\u3000\u3000\u3000\u3000\u3000\u3000\u3000\u3000\u3000\u3000\u3000\u3000\u3000\u3000\u3000\u3000\u3000\u4e8b\u52d9\u5c40\u4fbf\u308a JD-018\/17<br \/> \u3000\u3000\u3000\u3000\u3000\u3000\u3000\u3000\u3000\u3000\u3000\u3000\u3000\u3000\u3000\u3000\u3000\u3000\u3000\u3000\u3000\u3000\u3000\u3000\u3000\u3000\u3000\u3000\u3000\u3000\u3000\u3000\u3000\u3000\u3000\u3000\u30002017\u5e743\u670823\u65e5<br \/> \u4f1a\u54e1\u5404\u4f4d<\/p>\n<p>\u30df\u30ca\u30b9\u30b8\u30a7\u30e9\u30a4\u30b9\u5dde\u6295\u8cc7\u4fc3\u9032\u5c40\uff08INDI\uff09\u3088\u308a\u3001<strong>\u30a4\u30d9\u30f3\u30c8\u300cINOVA&Ccedil;&Atilde;O E O FUTURO DA IND&Uacute;STRIA\u300d\u306e\u3054\u6848\u5185<\/strong>\u3092\u9802\u304d\u307e\u3057\u305f\u306e\u3067\u4ee5\u4e0b\u304a\u77e5\u3089\u305b\u3044\u305f\u3057\u307e\u3059\u3002<br \/> \u30d9\u30ed\u30aa\u30ea\u30be\u30f3\u30c6\u5e02\u3067\u958b\u50ac\u3055\u308c\u307e\u3059\u304c\u3001\u3054\u95a2\u5fc3\u306e\u5411\u304d\u306f\u4e3b\u50ac\u8005\u5074\u3078\u76f4\u63a5\u304a\u554f\u3044\u5408\u308f\u305b\u304f\u3060\u3055\u3044\u3002<br \/> \u7533\u3057\u8fbc\u307f\u30ea\u30f3\u30af: https:\/\/www.sympla.com.br\/inovacao-e-a-industria-do-futuro__118171<\/p>\n<p> From: Carlos Augusto Silva Romualdo [mailto:carlos@indi.mg.gov.br]<br \/> Sent: Thursday, March 23, 2017 9:06 AM<br \/> To: secretaria@camaradojapao.org.br<br \/> Cc: walace.bati@indi.mg.gov.br<br \/> Subject: Evento: Inova&ccedil;&atilde;o e o futuro da Industria<br \/> Prezado Sr. Fujiyoshi Hirata,<br \/> Em parceria com EMBRAPII e FIEMG, o INDI realizar&aacute;, dia 11 de abril de 2017, o &ldquo;Inova&ccedil;&atilde;o e o Futuro da Ind&uacute;stria&rdquo;, um evento para apresenta&ccedil;&atilde;o das 28 Unidades EMBRAPII do Brasil, com destaque para as Unidades instaladas em Minas Gerais, que ter&aacute; como tema principal e foco das discuss&otilde;es, as tecnologias inovadoras para a ind&uacute;stria mineira nas &aacute;reas de Mec&acirc;nica e Materiais, IoT e Smart Industry, Ind&uacute;stria Automotiva, e Fontes de Financiamento.<br \/> Pe&ccedil;o a gentileza de divulgar esta oportunidade &agrave;s empresas japonesas associadas a esta C&acirc;mara.<br \/> &nbsp;<img alt=\"\" src=\"\/upload\/images\/sono1.jpg\" style=\"height:391px; width:566px\" \/><\/p>\n<p><img alt=\"\" src=\"\/upload\/images\/sono3.jpg\" style=\"height:1184px; width:578px\" \/><br \/> &nbsp;<\/p>\n<p>Carlos Augusto Romualdo&nbsp;&nbsp; &nbsp; &nbsp;&nbsp;&nbsp;<\/p>\n<p>&nbsp;&nbsp; &nbsp;Gerente<br \/> Ger&ecirc;ncia de Projetos Am&eacute;ricas e Europa &nbsp;&nbsp; &nbsp;&nbsp;&nbsp; &nbsp;&nbsp;&nbsp; &nbsp;<br \/> &nbsp;&nbsp; &nbsp; &nbsp;&nbsp; &nbsp;&nbsp;&nbsp; &nbsp;&nbsp;&nbsp; &nbsp;<br \/> &nbsp;&nbsp; &nbsp;+55 (31) 3915-2836&nbsp;&nbsp; &nbsp;<br \/> &nbsp;&nbsp; &nbsp;&nbsp;&nbsp; &nbsp;<br \/> &nbsp;&nbsp; &nbsp;indi.mg.gov.br<br \/> &nbsp;<br \/> &nbsp;&nbsp; &nbsp;&nbsp;&nbsp; &nbsp;<br \/> &nbsp;&nbsp; &nbsp;indi.minasgerais<br \/> &nbsp;<br \/> &nbsp;&nbsp; &nbsp;&nbsp;&nbsp; &nbsp;<br \/> &nbsp;&nbsp; &nbsp;Rodovia Papa Jo&atilde;o Paulo II, 4.143, 1&ordm; Andar &#8211; Bairro Serra Verde &#8211; Cidade Administrativa Presidente Tancredo Neves, Edif&iacute;cio Minas&nbsp;&nbsp; &nbsp;<br \/> &nbsp;&nbsp; &nbsp;&nbsp;&nbsp; &nbsp;<br \/> &nbsp;&nbsp; &nbsp; &nbsp;&nbsp; &nbsp; &nbsp;&nbsp; &nbsp;&nbsp;&nbsp; &nbsp;&nbsp;&nbsp; &nbsp;<br \/> &nbsp;<br \/> &nbsp;<br \/> &nbsp;<\/p>\n<p>&nbsp;<\/p>\n<p> <!-- ocate=609 --> <!-- mid=16930 --><\/p>\n","protected":false},"excerpt":{"rendered":"<p>\u3000\u3000\u3000\u3000\u3000\u3000\u3000\u3000\u3000\u3000\u3000\u3000\u3000\u3000\u3000\u3000\u3000\u3000\u3000\u3000\u3000\u3000\u3000\u3000\u3000\u3000\u3000\u3000\u3000\u3000\u3000\u3000\u3000\u3000\u3000\u3000\u3000\u4e8b\u52d9\u5c40\u4fbf\u308a JD-018\/17 \u3000\u3000\u3000\u3000\u3000\u3000\u3000\u3000\u3000\u3000\u3000\u3000\u3000\u3000\u3000\u3000\u3000\u3000\u3000\u3000\u3000\u3000\u3000\u3000\u3000\u3000\u3000\u3000\u3000\u3000\u3000\u3000\u3000\u3000\u3000\u3000\u30002017\u5e743\u670823\u65e5 \u4f1a\u54e1\u5404\u4f4d \u30df\u30ca\u30b9\u30b8 &hellip;<\/p>\n","protected":false},"author":1,"featured_media":0,"comment_status":"closed","ping_status":"open","sticky":false,"template":"","format":"standard","meta":[],"categories":[],"tags":[],"_links":{"self":[{"href":"https:\/\/camaradojapao.org.br\/old-jp\/wp-json\/wp\/v2\/posts\/42867"}],"collection":[{"href":"https:\/\/camaradojapao.org.br\/old-jp\/wp-json\/wp\/v2\/posts"}],"about":[{"href":"https:\/\/camaradojapao.org.br\/old-jp\/wp-json\/wp\/v2\/types\/post"}],"author":[{"embeddable":true,"href":"https:\/\/camaradojapao.org.br\/old-jp\/wp-json\/wp\/v2\/users\/1"}],"replies":[{"embeddable":true,"href":"https:\/\/camaradojapao.org.br\/old-jp\/wp-json\/wp\/v2\/comments?post=42867"}],"version-history":[{"count":0,"href":"https:\/\/camaradojapao.org.br\/old-jp\/wp-json\/wp\/v2\/posts\/42867\/revisions"}],"wp:attachment":[{"href":"https:\/\/camaradojapao.org.br\/old-jp\/wp-json\/wp\/v2\/media?parent=42867"}],"wp:term":[{"taxonomy":"category","embeddable":true,"href":"https:\/\/camaradojapao.org.br\/old-jp\/wp-json\/wp\/v2\/categories?post=42867"},{"taxonomy":"post_tag","embeddable":true,"href":"https:\/\/camaradojapao.org.br\/old-jp\/wp-json\/wp\/v2\/tags?post=42867"}],"curies":[{"name":"wp","href":"https:\/\/api.w.org\/{rel}","templated":true}]}}