{"id":43273,"date":"2017-08-03T17:58:17","date_gmt":"2017-08-03T20:58:17","guid":{"rendered":""},"modified":"2022-02-24T13:57:49","modified_gmt":"2022-02-24T16:57:49","slug":"nal-do-brasil-ind%c3%bastria-e-com%c3%a9rcio-de-componentes-de-ilumina%c3%a7%c3%a3o-ltda%e3%81%ae%e5%ae%ae%e6%9c%ac%e5%81%a5%e5%8f%b8%e3%82%b8%e3%82%a7%e3%83%8d%e3%83%a9%e3%83%ab%e3%83%9e%e3%83%8d","status":"publish","type":"post","link":"https:\/\/camaradojapao.org.br\/old-jp\/2017\/08\/03\/nal-do-brasil-ind%c3%bastria-e-com%c3%a9rcio-de-componentes-de-ilumina%c3%a7%c3%a3o-ltda%e3%81%ae%e5%ae%ae%e6%9c%ac%e5%81%a5%e5%8f%b8%e3%82%b8%e3%82%a7%e3%83%8d%e3%83%a9%e3%83%ab%e3%83%9e%e3%83%8d\/","title":{"rendered":"NAL do Brasil Ind\u00fastria e Com\u00e9rcio de Componentes de Ilumina\u00e7\u00e3o Ltda\u306e\u5bae\u672c\u5065\u53f8\u30b8\u30a7\u30cd\u30e9\u30eb\u30de\u30cd\u30fc\u30b8\u30e3\u30fc\u304c\u8a2a\u554f"},"content":{"rendered":"<p>NAL do Brasil Ind&uacute;stria e Com&eacute;rcio de Componentes de Ilumina&ccedil;&atilde;o Ltda\u306e\u5bae\u672c\u5065\u53f8\u30b8\u30a7\u30cd\u30e9\u30eb\u30de\u30cd\u30fc\u30b8\u30e3\u30fc\u304c2017\u5e748\u67083\u65e5\u306b\u5546\u5de5\u4f1a\u8b70\u6240\u3092\u8a2a\u554f\u3001\u5fdc\u5bfe\u3057\u305f\u5e73\u7530\u85e4\u7fa9\u4e8b\u52d9\u5c40\u9577\u306b\u5165\u4f1a\u7533\u8fbc\u66f8\u3092\u624b\u6e21\u3057\u305f\u3002<\/p>\n<div>\n<p style=\"text-align:center\"><img alt=\"\" src=\"http:\/\/pt.camaradojapao.org.br\/upload\/images\/a-17-08-03-nal-brasil-aa-quiset.JPG\" style=\"height:486px; width:570px\" \/><\/p>\n<p style=\"text-align:center\"><span style=\"font-size:12px\">Hirata recebe de Kenji Miyamoto a ficha de inscri&ccedil;&atilde;o da&nbsp;NAL do Brasil Ind&uacute;stria e Com&eacute;rcio de Componentes de Ilumina&ccedil;&atilde;o Ltda., que vai se associar &agrave; C&acirc;mara.<\/span><\/p>\n<p style=\"text-align:justify\"><em><span style=\"font-size:9px\">Foto: Rubens Ito \/ CCIJB<\/span><\/em><\/p>\n<\/p><\/div>\n<p> <!-- ocate=383 --> <!-- mid=17411 --><\/p>\n","protected":false},"excerpt":{"rendered":"<p>NAL do Brasil Ind&uacute;stria e Com&eacute;rcio de Componentes de Ilumina&ccedil;&atilde;o Ltda\u306e\u5bae\u672c\u5065\u53f8\u30b8\u30a7\u30cd\u30e9\u30eb\u30de\u30cd\u30fc\u30b8 &hellip;<\/p>\n","protected":false},"author":1,"featured_media":0,"comment_status":"closed","ping_status":"open","sticky":false,"template":"","format":"standard","meta":[],"categories":[],"tags":[],"_links":{"self":[{"href":"https:\/\/camaradojapao.org.br\/old-jp\/wp-json\/wp\/v2\/posts\/43273"}],"collection":[{"href":"https:\/\/camaradojapao.org.br\/old-jp\/wp-json\/wp\/v2\/posts"}],"about":[{"href":"https:\/\/camaradojapao.org.br\/old-jp\/wp-json\/wp\/v2\/types\/post"}],"author":[{"embeddable":true,"href":"https:\/\/camaradojapao.org.br\/old-jp\/wp-json\/wp\/v2\/users\/1"}],"replies":[{"embeddable":true,"href":"https:\/\/camaradojapao.org.br\/old-jp\/wp-json\/wp\/v2\/comments?post=43273"}],"version-history":[{"count":0,"href":"https:\/\/camaradojapao.org.br\/old-jp\/wp-json\/wp\/v2\/posts\/43273\/revisions"}],"wp:attachment":[{"href":"https:\/\/camaradojapao.org.br\/old-jp\/wp-json\/wp\/v2\/media?parent=43273"}],"wp:term":[{"taxonomy":"category","embeddable":true,"href":"https:\/\/camaradojapao.org.br\/old-jp\/wp-json\/wp\/v2\/categories?post=43273"},{"taxonomy":"post_tag","embeddable":true,"href":"https:\/\/camaradojapao.org.br\/old-jp\/wp-json\/wp\/v2\/tags?post=43273"}],"curies":[{"name":"wp","href":"https:\/\/api.w.org\/{rel}","templated":true}]}}